{"id":38405,"__str__":"Anexo - Projeto de Lei n\u00ba 258/2025 de 02/07/2025 por Deputado Dr. Danilo Alencar","metadata":{},"nome":"Projeto de Lei n\u00ba 258/2025","data":"2025-07-02","autor":"Deputado Dr. Danilo Alencar","ementa":"Disp\u00f5e sobre o tempo m\u00ednimo de toler\u00e2ncia concedida \u00e0 pessoa com defici\u00eancia com mobilidade reduzida na cobran\u00e7a pelo estacionamento de ve\u00edculos em estabelecimento comercial.","indexacao":"","arquivo":"http://sapl.al.to.leg.br/media/sapl/public/documentoacessorio/2025/38405/pl_258.pdf","data_ultima_atualizacao":"2025-07-02T12:48:13.478479-03:00","materia":12543,"tipo":20}