{"id":39212,"__str__":"Anexo - PL N\u00ba 273 2025 de 12/08/2025 por Deputado Gip\u00e3o","metadata":{},"nome":"PL N\u00ba 273 2025","data":"2025-08-12","autor":"Deputado Gip\u00e3o","ementa":"Institui a Semana Estadual de Conscientiza\u00e7\u00e3o e Preven\u00e7\u00e3o de Acidentes com Ciclistas e d\u00e1 outras provid\u00eancias.","indexacao":"","arquivo":"http://sapl.al.to.leg.br/media/sapl/public/documentoacessorio/2025/39212/pl_no_273_20251.pdf","data_ultima_atualizacao":"2025-08-12T17:24:59.477651-03:00","materia":12610,"tipo":20}