{"id":39298,"__str__":"Anexo - Projeto de Lei n\u00ba 291 de 19/08/2025 por Deputada Prof\u00aa Janad Valcari","metadata":{},"nome":"Projeto de Lei n\u00ba 291","data":"2025-08-19","autor":"Deputada Prof\u00aa Janad Valcari","ementa":"Institui o Dia Estadual da Conscientiza\u00e7\u00e3o sobre o Transtorno do Espectro Alco\u00f3lico Fetal (TEAF).","indexacao":"","arquivo":"http://sapl.al.to.leg.br/media/sapl/public/documentoacessorio/2025/39298/pl_291.pdf","data_ultima_atualizacao":"2025-08-19T17:06:22.731388-03:00","materia":12702,"tipo":20}