{"id":39331,"__str__":"Anexo - Projeto de Lei n\u00ba 295 de 20/08/2025 por Deputado Prof. J\u00fanior Geo","metadata":{},"nome":"Projeto de Lei n\u00ba 295","data":"2025-08-20","autor":"Deputado Prof. J\u00fanior Geo","ementa":"Institui, no \u00e2mbito do Estado do Tocantins, a \"Semana Preta\" - Campanha de Conscientiza\u00e7\u00e3o sobre o Melanoma, a ser realizada anualmente na primeira semana do m\u00eas de junho, e d\u00e1 outras provid\u00eancias.","indexacao":"","arquivo":"http://sapl.al.to.leg.br/media/sapl/public/documentoacessorio/2025/39331/pl_295.pdf","data_ultima_atualizacao":"2025-08-20T09:51:54.022106-03:00","materia":12706,"tipo":20}