{"id":12982,"__str__":"Requerimento n\u00ba 1273 de 2025","metadata":{},"numero":1273,"ano":2025,"numero_protocolo":1748,"data_apresentacao":"2025-09-16","tipo_apresentacao":"","data_publicacao":null,"numero_origem_externa":"","ano_origem_externa":null,"data_origem_externa":null,"apelido":"","dias_prazo":null,"data_fim_prazo":null,"em_tramitacao":false,"polemica":false,"objeto":"","complementar":false,"ementa":"Requer ao Excelent\u00edssimo Presidente desta Augusta \r\nCasa de Leis, o envio de expediente ao \r\nExcelent\u00edssimo Senhor Governador do Estado do \r\nTocantins, solicitando a implanta\u00e7\u00e3o de um \r\nCentro Especializado em Reabilita\u00e7\u00e3o no \r\nmunic\u00edpio de Araguatins, com estrutura \r\nadequada para o atendimento de pessoas com \r\ndefici\u00eancia f\u00edsica, intelectual e m\u00faltiplas \r\ndefici\u00eancias.","indexacao":"","observacao":"","resultado":"","texto_original":"http://sapl.al.to.leg.br/media/sapl/public/materialegislativa/2025/12982/52_-_centro_especializado_em_reabilitacao_no_municipio_de_araguatins.pdf","data_ultima_atualizacao":"2025-10-28T16:12:09.865042-03:00","ip":"","ultima_edicao":null,"tipo":17,"regime_tramitacao":1,"tipo_origem_externa":null,"local_origem_externa":null,"user":null,"anexadas":[],"autores":[199]}