{"id":13363,"__str__":"Requerimento n\u00ba 1545 de 2025","metadata":{},"numero":1545,"ano":2025,"numero_protocolo":2130,"data_apresentacao":"2025-10-23","tipo_apresentacao":"E","data_publicacao":null,"numero_origem_externa":"","ano_origem_externa":null,"data_origem_externa":null,"apelido":"","dias_prazo":null,"data_fim_prazo":null,"em_tramitacao":false,"polemica":false,"objeto":"","complementar":false,"ementa":"Requer dispensa de interst\u00edcios e formalidades regimentais, para inclus\u00e3o da Ordem do Dia e convoca\u00e7\u00e3o de Sess\u00e3o Extraordin\u00e1ria.","indexacao":"","observacao":"","resultado":"","texto_original":null,"data_ultima_atualizacao":"2025-10-23T09:06:24.417434-03:00","ip":"10.98.21.4","ultima_edicao":"2025-10-23T09:06:24.417033-03:00","tipo":17,"regime_tramitacao":1,"tipo_origem_externa":null,"local_origem_externa":null,"user":43,"anexadas":[],"autores":[26]}