{"id":13714,"__str__":"Medida Provis\u00f3ria n\u00ba 3 de 2026","metadata":{},"numero":3,"ano":2026,"numero_protocolo":40,"data_apresentacao":"2026-02-04","tipo_apresentacao":"E","data_publicacao":null,"numero_origem_externa":"","ano_origem_externa":null,"data_origem_externa":null,"apelido":"","dias_prazo":null,"data_fim_prazo":null,"em_tramitacao":true,"polemica":false,"objeto":"","complementar":false,"ementa":"Altera a Medida Provis\u00f3ria n\u00ba 21, de 19 de dezembro de 2025, para incluir as Unidades Escolares ind\u00edgenas entre aquelas contempladas pela Gratifica\u00e7\u00e3o de Incentivo institu\u00edda no \u00e2mbito do Programa de Fortalecimento da Educa\u00e7\u00e3o-PROFE.","indexacao":"","observacao":"","resultado":"","texto_original":"http://sapl.al.to.leg.br/media/sapl/public/materialegislativa/2026/13714/mp_n_3-2.pdf","data_ultima_atualizacao":"2026-02-05T10:30:47.438607-03:00","ip":"10.98.20.39","ultima_edicao":"2026-02-05T09:09:54.065678-03:00","tipo":14,"regime_tramitacao":1,"tipo_origem_externa":null,"local_origem_externa":null,"user":85,"anexadas":[],"autores":[184]}