{"id":13743,"__str__":"Requerimento n\u00ba 32 de 2026","metadata":{},"numero":32,"ano":2026,"numero_protocolo":71,"data_apresentacao":"2026-02-05","tipo_apresentacao":"","data_publicacao":null,"numero_origem_externa":"","ano_origem_externa":null,"data_origem_externa":null,"apelido":"","dias_prazo":null,"data_fim_prazo":null,"em_tramitacao":true,"polemica":false,"objeto":"","complementar":false,"ementa":"Requer ao Excelent\u00edssimo Senhor Presidente da Assembl\u00e9ia Legislativa do Tocantins, que seja realizada sess\u00e3o solene \u00e0s 9h do dia 07 de maio de 2026, em homenagem ao Dia Mundial do Campo, que \u00e9 celebrado no dia 05 de maio.","indexacao":"","observacao":"","resultado":"","texto_original":"http://sapl.al.to.leg.br/media/sapl/public/materialegislativa/2026/13743/1._req_-__sessao_solene_dia_mundial_do_campo.pdf","data_ultima_atualizacao":"2026-02-05T09:45:18.309585-03:00","ip":"","ultima_edicao":null,"tipo":17,"regime_tramitacao":1,"tipo_origem_externa":null,"local_origem_externa":null,"user":null,"anexadas":[],"autores":[202]}