{"id":13759,"__str__":"Requerimento n\u00ba 48 de 2026","metadata":{},"numero":48,"ano":2026,"numero_protocolo":87,"data_apresentacao":"2026-02-05","tipo_apresentacao":"","data_publicacao":null,"numero_origem_externa":"","ano_origem_externa":null,"data_origem_externa":null,"apelido":"","dias_prazo":null,"data_fim_prazo":null,"em_tramitacao":false,"polemica":false,"objeto":"","complementar":false,"ementa":"Requer o envio de expediente, ao Excelent\u00edssimo\r\nSenhor Governador do Estado, solicitando a\r\ncria\u00e7\u00e3o de For\u00e7a-Tarefa Interinstitucional\r\nvoltada \u00e0 redu\u00e7\u00e3o do n\u00famero de pessoas sem\r\ndocumenta\u00e7\u00e3o civil b\u00e1sica no Estado do\r\nTocantins.","indexacao":"","observacao":"","resultado":"","texto_original":"http://sapl.al.to.leg.br/media/sapl/public/materialegislativa/2026/13759/requerimento_04_forca_tarefa_para_identificacao_de_pessoas_em_vulnerabilidade_e_situacao_de_rua.pdf","data_ultima_atualizacao":"2026-03-09T11:59:34.781434-03:00","ip":"","ultima_edicao":null,"tipo":17,"regime_tramitacao":1,"tipo_origem_externa":null,"local_origem_externa":null,"user":null,"anexadas":[],"autores":[27]}