{"id":13792,"__str__":"Requerimento n\u00ba 71 de 2026","metadata":{},"numero":71,"ano":2026,"numero_protocolo":122,"data_apresentacao":"2026-02-11","tipo_apresentacao":"","data_publicacao":null,"numero_origem_externa":"","ano_origem_externa":null,"data_origem_externa":null,"apelido":"","dias_prazo":null,"data_fim_prazo":null,"em_tramitacao":false,"polemica":false,"objeto":"","complementar":false,"ementa":"Requer o envio de Anteprojeto ao Excelent\u00edssimo Senhor Governador do Estado, com c\u00f3pia \u00e0 Secretaria de Estado da Educa\u00e7\u00e3o \u2013 SEDUC, visando a institui\u00e7\u00e3o de pol\u00edtica educacional que estabele\u00e7a a doc\u00eancia compartilhada com professores especialistas nos 4\u00ba e 5\u00ba anos do Ensino Fundamental na rede p\u00fablica estadual, com o objetivo de fortalecer a qualidade do ensino, aperfei\u00e7oar o processo de aprendizagem e promover a valoriza\u00e7\u00e3o do magist\u00e9rio.","indexacao":"","observacao":"","resultado":"","texto_original":"http://sapl.al.to.leg.br/media/sapl/public/materialegislativa/2026/13792/requerimento_-_anteprojeto_-__docencia_compartilhada.docx.pdf","data_ultima_atualizacao":"2026-03-09T11:28:39.548487-03:00","ip":"","ultima_edicao":null,"tipo":17,"regime_tramitacao":2,"tipo_origem_externa":null,"local_origem_externa":null,"user":null,"anexadas":[],"autores":[31]}