{"id":14221,"__str__":"Medida Provis\u00f3ria n\u00ba 15 de 2026","metadata":{},"numero":15,"ano":2026,"numero_protocolo":552,"data_apresentacao":"2026-03-31","tipo_apresentacao":"E","data_publicacao":null,"numero_origem_externa":"","ano_origem_externa":null,"data_origem_externa":null,"apelido":"","dias_prazo":null,"data_fim_prazo":null,"em_tramitacao":false,"polemica":false,"objeto":"","complementar":false,"ementa":"Altera a Lei n\u00ba 2.807, de 12 de dezembro de 2013, a Lei n\u00ba 2.822, de 30 de dezembro de 2013, a Lei n\u00ba 2.823, de 30 de dezembro de 2013,  a Lei n\u00ba 2.892, de 19 de agosto de 2014, a Lei n\u00ba 2.893, de 19 de agosto de 2014, a Lei n\u00ba  3.879, de 7 de janeiro de 2022, e a Lei n\u00ba 4.902, de 27 de novembro de 2025, para promover ajustes nos planos de cargos, carreiras, remunera\u00e7\u00e3o, subs\u00eddios e sal\u00e1rios das carreiras que especifica, e adota outras provid\u00eancias.","indexacao":"","observacao":"","resultado":"","texto_original":"http://sapl.al.to.leg.br/media/sapl/public/materialegislativa/2026/14221/mp_no_15_2026.pdf","data_ultima_atualizacao":"2026-04-28T10:59:36.130572-03:00","ip":"10.98.21.140","ultima_edicao":"2026-03-31T15:13:06.298255-03:00","tipo":14,"regime_tramitacao":1,"tipo_origem_externa":null,"local_origem_externa":null,"user":80,"anexadas":[],"autores":[184]}