{"id":14223,"__str__":"Requerimento n\u00ba 355 de 2026","metadata":{},"numero":355,"ano":2026,"numero_protocolo":554,"data_apresentacao":"2026-04-01","tipo_apresentacao":"E","data_publicacao":null,"numero_origem_externa":"","ano_origem_externa":null,"data_origem_externa":null,"apelido":"","dias_prazo":null,"data_fim_prazo":null,"em_tramitacao":true,"polemica":false,"objeto":"","complementar":false,"ementa":"Requer dispensa  de interst\u00edcios e formalidades regimentais, para inclus\u00e3o na Ordem do Dia da Sess\u00e3o Ordin\u00e1ria e convoca\u00e7\u00e3o de Sess\u00e3o Extraordin\u00e1rias.","indexacao":"","observacao":"","resultado":"","texto_original":null,"data_ultima_atualizacao":"2026-04-01T08:40:36.531998-03:00","ip":"10.98.20.7","ultima_edicao":"2026-04-01T08:40:36.531593-03:00","tipo":17,"regime_tramitacao":1,"tipo_origem_externa":null,"local_origem_externa":null,"user":40,"anexadas":[],"autores":[24]}