{"id":14261,"__str__":"Requerimento n\u00ba 366 de 2026","metadata":{},"numero":366,"ano":2026,"numero_protocolo":592,"data_apresentacao":"2026-04-14","tipo_apresentacao":"","data_publicacao":null,"numero_origem_externa":"","ano_origem_externa":null,"data_origem_externa":null,"apelido":"","dias_prazo":null,"data_fim_prazo":null,"em_tramitacao":true,"polemica":false,"objeto":"","complementar":false,"ementa":"Requer ao Presidente da Assembleia Legislativa do Estado do Tocantins, que envie expediente ao Governador do Estado, e a Ag\u00eancia de Transporte, Obras e Infraestrutura (AGETO), em REGIME DE URG\u00caNCIA, solicitando que firme conv\u00eanio com a Prefeitura Municipal de S\u00e3o Salvador, visando \u00e0 reforma da Pra\u00e7a do Retiro.","indexacao":"","observacao":"","resultado":"","texto_original":"http://sapl.al.to.leg.br/media/sapl/public/materialegislativa/2026/14261/requerimento_-_reforma_da_praca_do_retiro_em_sao_salvador_-_to.pdf","data_ultima_atualizacao":"2026-04-30T09:54:26.519402-03:00","ip":"10.98.21.53","ultima_edicao":"2026-04-30T09:54:26.459495-03:00","tipo":17,"regime_tramitacao":2,"tipo_origem_externa":null,"local_origem_externa":null,"user":50,"anexadas":[],"autores":[203]}