{"id":219,"__str__":"Requerimento n\u00ba 195 de 2020","metadata":{},"numero":195,"ano":2020,"numero_protocolo":220,"data_apresentacao":"2020-02-06","tipo_apresentacao":"","data_publicacao":null,"numero_origem_externa":"","ano_origem_externa":null,"data_origem_externa":null,"apelido":"","dias_prazo":null,"data_fim_prazo":null,"em_tramitacao":true,"polemica":null,"objeto":"","complementar":null,"ementa":"Requer envio de expediente ao Excelent\u00edssimo Senhor Governador, atrav\u00e9s da Secretaria do Desenvolvimento Econ\u00f4mico, Ci\u00eancia, Tecnologia, Turismo e Cultura, solicitando que se fa\u00e7a conv\u00eanio com o munic\u00edpio de Juarina-TO, para realiza\u00e7\u00e3o da temporada de praia ver\u00e3o 2020.","indexacao":"","observacao":"","resultado":"","texto_original":"http://sapl.al.to.leg.br/media/sapl/public/materialegislativa/2020/219/req_-_realizacao_da_temporada_de_praia_2020.docx","data_ultima_atualizacao":"2020-02-06T17:44:37.424993-03:00","ip":"","ultima_edicao":null,"tipo":17,"regime_tramitacao":1,"tipo_origem_externa":null,"local_origem_externa":null,"user":null,"anexadas":[],"autores":[28]}