{"id":2290,"__str__":"Requerimento n\u00ba 32 de 2021","metadata":{},"numero":32,"ano":2021,"numero_protocolo":33,"data_apresentacao":"2021-02-03","tipo_apresentacao":"","data_publicacao":null,"numero_origem_externa":"","ano_origem_externa":null,"data_origem_externa":null,"apelido":"","dias_prazo":null,"data_fim_prazo":null,"em_tramitacao":true,"polemica":null,"objeto":"","complementar":null,"ementa":"Requerer a Vossa Excel\u00eancia o envio de expediente ao Senhor Governador do Estado, Mauro Carlesse, atrav\u00e9s da Secretaria de Infraestrutura, Cidades e Habita\u00e7\u00e3o, solicitando a recupera\u00e7\u00e3o asf\u00e1ltica do trecho da TO-230, que liga o munic\u00edpio de Bandeirantes ao munic\u00edpio de Pau D`arco.","indexacao":"","observacao":"","resultado":"","texto_original":"http://sapl.al.to.leg.br/media/sapl/public/materialegislativa/2021/2290/to_230_de_bandeirantes_a_pau_d_arco.pdf","data_ultima_atualizacao":"2021-02-03T09:40:51.621867-03:00","ip":"","ultima_edicao":null,"tipo":17,"regime_tramitacao":1,"tipo_origem_externa":null,"local_origem_externa":null,"user":null,"anexadas":[],"autores":[34]}