{"id":7141,"__str__":"Projeto de Lei da Casa n\u00ba 55 de 2023","metadata":{},"numero":55,"ano":2023,"numero_protocolo":377,"data_apresentacao":"2023-03-08","tipo_apresentacao":"","data_publicacao":null,"numero_origem_externa":"","ano_origem_externa":null,"data_origem_externa":null,"apelido":"","dias_prazo":null,"data_fim_prazo":null,"em_tramitacao":false,"polemica":false,"objeto":"","complementar":false,"ementa":"Institui no \u00e2mbito do Estado do Tocantins a Semana de Conscientiza\u00e7\u00e3o do Autismo e d\u00e1 outras provid\u00eancias.","indexacao":"","observacao":"","resultado":"","texto_original":"http://sapl.al.to.leg.br/media/sapl/public/materialegislativa/2023/7141/pl_semana_do_autismo.pdf","data_ultima_atualizacao":"2024-02-05T16:37:17.900070-03:00","ip":"","ultima_edicao":null,"tipo":1,"regime_tramitacao":2,"tipo_origem_externa":null,"local_origem_externa":null,"user":null,"anexadas":[],"autores":[198]}