{"id":7743,"__str__":"Projeto de Lei da Casa n\u00ba 215 de 2023","metadata":{},"numero":215,"ano":2023,"numero_protocolo":974,"data_apresentacao":"2023-05-02","tipo_apresentacao":"","data_publicacao":null,"numero_origem_externa":"","ano_origem_externa":null,"data_origem_externa":null,"apelido":"","dias_prazo":null,"data_fim_prazo":null,"em_tramitacao":false,"polemica":false,"objeto":"","complementar":false,"ementa":"\"Disp\u00f5e sobre a concess\u00e3o de pens\u00e3o especial e estabelece outras provid\u00eancias\", para incluir como benefici\u00e1ria a pessoa com Transtorno do Espectro do Autismo (TEA), catalogada sob o c\u00f3digo F84.0, n\u00edvel 3, na D\u00e9cima Revis\u00e3o da Classifica\u00e7\u00e3o Estat\u00edstica Internacional de Doen\u00e7as e Problemas Relacionados com a Sa\u00fade (CID-10).","indexacao":"","observacao":"","resultado":"","texto_original":"http://sapl.al.to.leg.br/media/sapl/public/materialegislativa/2023/7743/projeto_de_lei_tea_atualizado.docx","data_ultima_atualizacao":"2023-08-21T15:44:31.689932-03:00","ip":"","ultima_edicao":null,"tipo":1,"regime_tramitacao":1,"tipo_origem_externa":null,"local_origem_externa":null,"user":null,"anexadas":[],"autores":[201]}