{"id":9342,"__str__":"Requerimento n\u00ba 1911 de 2023","metadata":{},"numero":1911,"ano":2023,"numero_protocolo":2579,"data_apresentacao":"2023-11-21","tipo_apresentacao":"","data_publicacao":null,"numero_origem_externa":"","ano_origem_externa":null,"data_origem_externa":null,"apelido":"","dias_prazo":null,"data_fim_prazo":null,"em_tramitacao":false,"polemica":false,"objeto":"","complementar":false,"ementa":"Requer ao Excelent\u00edssimo Presidente desta\r\nAugusta Casa de Leis, a realiza\u00e7\u00e3o de sess\u00e3o\r\nsolene em homenagem aos 28 anos da\r\nOrdem dos Ministros Evang\u00e9licos de Palmas\r\n(OMEP).","indexacao":"","observacao":"","resultado":"","texto_original":"http://sapl.al.to.leg.br/media/sapl/public/materialegislativa/2023/9342/382-_sessao_solene_omep.pdf","data_ultima_atualizacao":"2023-11-28T17:03:28.927640-03:00","ip":"","ultima_edicao":null,"tipo":17,"regime_tramitacao":1,"tipo_origem_externa":null,"local_origem_externa":null,"user":null,"anexadas":[],"autores":[199]}