{"id":9397,"__str__":"Requerimento n\u00ba 1942 de 2023","metadata":{},"numero":1942,"ano":2023,"numero_protocolo":2634,"data_apresentacao":"2023-11-22","tipo_apresentacao":"","data_publicacao":null,"numero_origem_externa":"","ano_origem_externa":null,"data_origem_externa":null,"apelido":"","dias_prazo":null,"data_fim_prazo":null,"em_tramitacao":false,"polemica":false,"objeto":"","complementar":false,"ementa":"REQUER a realiza\u00e7\u00e3o de sess\u00e3o solene anual para homenagear os  brigadistas, volunt\u00e1rios e bombeiros civis, que trabalham arduamente no combate \u00e0s queimadas no Tocantins.","indexacao":"","observacao":"","resultado":"","texto_original":"http://sapl.al.to.leg.br/media/sapl/public/materialegislativa/2023/9397/gdcl2023_sessao_solene_bombeiros_civis.docx.pdf","data_ultima_atualizacao":"2023-11-28T17:44:46.638151-03:00","ip":"","ultima_edicao":null,"tipo":17,"regime_tramitacao":2,"tipo_origem_externa":null,"local_origem_externa":null,"user":null,"anexadas":[],"autores":[14]}