{"id":9552,"__str__":"Requerimento n\u00ba 2023 de 2023","metadata":{},"numero":2023,"ano":2023,"numero_protocolo":2758,"data_apresentacao":"2023-12-07","tipo_apresentacao":"","data_publicacao":null,"numero_origem_externa":"","ano_origem_externa":null,"data_origem_externa":null,"apelido":"","dias_prazo":null,"data_fim_prazo":null,"em_tramitacao":false,"polemica":false,"objeto":"","complementar":false,"ementa":"Requer ao Excelent\u00edssimo Senhor Presidente desta Casa de Leis, que encaminhe ao Pastor James Jacomossi, Votos de Aplausos pela organiza\u00e7\u00e3o e realiza\u00e7\u00e3o do evento 1\u00ba Dia do Evang\u00e9lico em Ja\u00fa do Tocantins/TO.","indexacao":"","observacao":"","resultado":"","texto_original":"http://sapl.al.to.leg.br/media/sapl/public/materialegislativa/2023/9552/dia_do_evangelico.docx","data_ultima_atualizacao":"2024-02-22T16:49:42.878040-03:00","ip":"","ultima_edicao":null,"tipo":17,"regime_tramitacao":1,"tipo_origem_externa":null,"local_origem_externa":null,"user":null,"anexadas":[],"autores":[29]}