{"id":31,"__str__":"JAIR FARIAS - Membro - Bloco Parlamentar Uni\u00e3o Brasil, Federa\u00e7\u00e3o PV/PC do B e Federa\u00e7\u00e3o PSDB/Cidadania","metadata":{},"data_entrada":"2023-02-08","data_saida":null,"bloco":4,"parlamentar":16,"cargo":2}